{"id":14349,"date":"2025-09-04T07:46:14","date_gmt":"2025-09-04T06:46:14","guid":{"rendered":"https:\/\/www.djm.nl\/djm-op-fachpack-2025\/"},"modified":"2025-09-04T08:22:44","modified_gmt":"2025-09-04T07:22:44","slug":"djm-op-fachpack-2025","status":"publish","type":"post","link":"https:\/\/www.djm.nl\/fr\/djm-op-fachpack-2025\/","title":{"rendered":"DJM au salon FACHPACK 2025"},"content":{"rendered":"<div id=\"pl-14349\"  class=\"panel-layout\"><div id=\"pg-14349-0\"  class=\"panel-grid panel-no-style\"><div id=\"pgc-14349-0-0\"  class=\"panel-grid-cell\"><div id=\"panel-14349-0-0-0\" class=\"so-panel widget widget_sow-editor panel-first-child panel-last-child\" data-index=\"0\"><div class=\"so-widget-sow-editor so-widget-sow-editor-base\">\n<div class=\"siteorigin-widget-tinymce textwidget\">\n\t<p>DJM pr\u00e9sentera son syst\u00e8me d\u2019impression <strong>inkjet innovant Eureka<\/strong> lors de FACHPACK 2025 \u2013 le salon europ\u00e9en d\u00e9di\u00e9 \u00e0 l\u2019emballage, \u00e0 la technologie et au traitement \u2013 et d\u00e9montrera comment cette solution r\u00e9pond aux exigences \u00e9volutives de l\u2019industrie de l\u2019emballage.<\/p>\n<p><\/p><\/div><\/div><\/div><\/div><\/div><\/div><p> <a href=\"https:\/\/www.djm.nl\/fr\/djm-op-fachpack-2025\/#more-14349\" class=\"more-link\">Lire la suite<\/a><\/p>","protected":false},"excerpt":{"rendered":"<p>DJM pr\u00e9sentera son syst\u00e8me d\u2019impression inkjet innovant Eureka lors de FACHPACK 2025 \u2013 le salon europ\u00e9en d\u00e9di\u00e9 \u00e0 l\u2019emballage, \u00e0 la technologie et au traitement \u2013 et d\u00e9montrera comment cette solution r\u00e9pond aux exigences \u00e9volutives de l\u2019industrie de l\u2019emballage. Deux configurations de l\u2019Eureka seront expos\u00e9es : une version monochrome pour le codage et le marquage [&hellip;]<\/p>\n","protected":false},"author":4,"featured_media":14307,"comment_status":"closed","ping_status":"open","sticky":false,"template":"","format":"standard","meta":{"footnotes":""},"categories":[72],"tags":[],"class_list":["post-14349","post","type-post","status-publish","format-standard","has-post-thumbnail","hentry","category-actualite"],"_links":{"self":[{"href":"https:\/\/www.djm.nl\/fr\/wp-json\/wp\/v2\/posts\/14349","targetHints":{"allow":["GET"]}}],"collection":[{"href":"https:\/\/www.djm.nl\/fr\/wp-json\/wp\/v2\/posts"}],"about":[{"href":"https:\/\/www.djm.nl\/fr\/wp-json\/wp\/v2\/types\/post"}],"author":[{"embeddable":true,"href":"https:\/\/www.djm.nl\/fr\/wp-json\/wp\/v2\/users\/4"}],"replies":[{"embeddable":true,"href":"https:\/\/www.djm.nl\/fr\/wp-json\/wp\/v2\/comments?post=14349"}],"version-history":[{"count":4,"href":"https:\/\/www.djm.nl\/fr\/wp-json\/wp\/v2\/posts\/14349\/revisions"}],"predecessor-version":[{"id":14353,"href":"https:\/\/www.djm.nl\/fr\/wp-json\/wp\/v2\/posts\/14349\/revisions\/14353"}],"wp:featuredmedia":[{"embeddable":true,"href":"https:\/\/www.djm.nl\/fr\/wp-json\/wp\/v2\/media\/14307"}],"wp:attachment":[{"href":"https:\/\/www.djm.nl\/fr\/wp-json\/wp\/v2\/media?parent=14349"}],"wp:term":[{"taxonomy":"category","embeddable":true,"href":"https:\/\/www.djm.nl\/fr\/wp-json\/wp\/v2\/categories?post=14349"},{"taxonomy":"post_tag","embeddable":true,"href":"https:\/\/www.djm.nl\/fr\/wp-json\/wp\/v2\/tags?post=14349"}],"curies":[{"name":"wp","href":"https:\/\/api.w.org\/{rel}","templated":true}]}}