{"id":11396,"date":"2022-01-26T10:54:40","date_gmt":"2022-01-26T09:54:40","guid":{"rendered":"https:\/\/www.djm.nl\/djm-works-together-with-inclusief-groep-on-an-inclusive-labor-market\/"},"modified":"2022-09-30T09:25:43","modified_gmt":"2022-09-30T08:25:43","slug":"djm-works-together-with-inclusief-groep-on-an-inclusive-labor-market","status":"publish","type":"post","link":"https:\/\/www.djm.nl\/fr\/djm-works-together-with-inclusief-groep-on-an-inclusive-labor-market\/","title":{"rendered":"DJM collabore avec 'Inclusief Groep' pour un meilleur acc\u00e8s au march\u00e9 du travail."},"content":{"rendered":"<div id=\"pl-11396\"  class=\"panel-layout\"><div id=\"pg-11396-0\"  class=\"panel-grid panel-no-style\"><div id=\"pgc-11396-0-0\"  class=\"panel-grid-cell\"><div id=\"panel-11396-0-0-0\" class=\"so-panel widget widget_sow-editor panel-first-child panel-last-child\" data-index=\"0\"><div class=\"so-widget-sow-editor so-widget-sow-editor-base\">\n<div class=\"siteorigin-widget-tinymce textwidget\">\n\t<p>DJM a la passion d'offrir une place aux talents \u00e9loign\u00e9s du march\u00e9 du travail.<br \/>\n<img loading=\"lazy\" decoding=\"async\" class=\"alignright size-medium wp-image-8934\" src=\"https:\/\/www.djm.nl\/wp-content\/uploads\/2022\/01\/inclusief-groep-300x300.png\" alt=\"\" width=\"300\" height=\"300\" srcset=\"https:\/\/www.djm.nl\/wp-content\/uploads\/2022\/01\/inclusief-groep-300x300.png 300w, https:\/\/www.djm.nl\/wp-content\/uploads\/2022\/01\/inclusief-groep-150x150.png 150w, https:\/\/www.djm.nl\/wp-content\/uploads\/2022\/01\/inclusief-groep-768x768.png 768w, https:\/\/www.djm.nl\/wp-content\/uploads\/2022\/01\/inclusief-groep-200x200.png 200w, https:\/\/www.djm.nl\/wp-content\/uploads\/2022\/01\/inclusief-groep-250x250.png 250w, https:\/\/www.djm.nl\/wp-content\/uploads\/2022\/01\/inclusief-groep.png 1004w\" sizes=\"auto, (max-width: 300px) 100vw, 300px\" \/><\/p>\n<p><\/p><\/div><\/div><\/div><\/div><\/div><\/div><p> <a href=\"https:\/\/www.djm.nl\/fr\/djm-works-together-with-inclusief-groep-on-an-inclusive-labor-market\/#more-11396\" class=\"more-link\">Lire la suite<\/a><\/p>","protected":false},"excerpt":{"rendered":"<p>DJM a la passion d&rsquo;offrir une place aux talents \u00e9loign\u00e9s du march\u00e9 du travail. &lsquo;Inclusief Groep&rsquo; contribue \u00e0 un march\u00e9 du travail inclusif et garantit une bonne qualit\u00e9, un prix \u00e9quitable et la durabilit\u00e9. Nos services sont assur\u00e9s par des \u00e9quipes sp\u00e9cialis\u00e9es et professionnelles de personnes qualifi\u00e9es qui peuvent \u00eatre d\u00e9ploy\u00e9es de mani\u00e8re flexible. Nous [&hellip;]<\/p>\n","protected":false},"author":4,"featured_media":10987,"comment_status":"closed","ping_status":"open","sticky":false,"template":"","format":"standard","meta":{"footnotes":""},"categories":[72],"tags":[],"class_list":["post-11396","post","type-post","status-publish","format-standard","has-post-thumbnail","hentry","category-actualite"],"_links":{"self":[{"href":"https:\/\/www.djm.nl\/fr\/wp-json\/wp\/v2\/posts\/11396","targetHints":{"allow":["GET"]}}],"collection":[{"href":"https:\/\/www.djm.nl\/fr\/wp-json\/wp\/v2\/posts"}],"about":[{"href":"https:\/\/www.djm.nl\/fr\/wp-json\/wp\/v2\/types\/post"}],"author":[{"embeddable":true,"href":"https:\/\/www.djm.nl\/fr\/wp-json\/wp\/v2\/users\/4"}],"replies":[{"embeddable":true,"href":"https:\/\/www.djm.nl\/fr\/wp-json\/wp\/v2\/comments?post=11396"}],"version-history":[{"count":2,"href":"https:\/\/www.djm.nl\/fr\/wp-json\/wp\/v2\/posts\/11396\/revisions"}],"predecessor-version":[{"id":11398,"href":"https:\/\/www.djm.nl\/fr\/wp-json\/wp\/v2\/posts\/11396\/revisions\/11398"}],"wp:featuredmedia":[{"embeddable":true,"href":"https:\/\/www.djm.nl\/fr\/wp-json\/wp\/v2\/media\/10987"}],"wp:attachment":[{"href":"https:\/\/www.djm.nl\/fr\/wp-json\/wp\/v2\/media?parent=11396"}],"wp:term":[{"taxonomy":"category","embeddable":true,"href":"https:\/\/www.djm.nl\/fr\/wp-json\/wp\/v2\/categories?post=11396"},{"taxonomy":"post_tag","embeddable":true,"href":"https:\/\/www.djm.nl\/fr\/wp-json\/wp\/v2\/tags?post=11396"}],"curies":[{"name":"wp","href":"https:\/\/api.w.org\/{rel}","templated":true}]}}