{"id":14325,"date":"2025-09-03T07:36:48","date_gmt":"2025-09-03T06:36:48","guid":{"rendered":"https:\/\/www.djm.nl\/djm-en-fachpack-2025\/"},"modified":"2025-09-03T09:34:52","modified_gmt":"2025-09-03T08:34:52","slug":"djm-en-fachpack-2025","status":"publish","type":"post","link":"https:\/\/www.djm.nl\/es\/djm-en-fachpack-2025\/","title":{"rendered":"DJM en FACHPACK 2025"},"content":{"rendered":"<div id=\"pl-14325\"  class=\"panel-layout\"><div id=\"pg-14325-0\"  class=\"panel-grid panel-no-style\"><div id=\"pgc-14325-0-0\"  class=\"panel-grid-cell\"><div id=\"panel-14325-0-0-0\" class=\"so-panel widget widget_sow-editor panel-first-child panel-last-child\" data-index=\"0\"><div class=\"so-widget-sow-editor so-widget-sow-editor-base\">\n<div class=\"siteorigin-widget-tinymce textwidget\">\n\t<p>DJM presentar\u00e1 el innovador sistema de impresi\u00f3n inkjet <em>Eureka<\/em> en FACHPACK 2025 \u2013 la feria europea de envases, tecnolog\u00eda y procesos \u2013 y demostrar\u00e1 c\u00f3mo responde a las crecientes demandas de la industria del packaging.<\/p>\n<p><\/p><\/div><\/div><\/div><\/div><\/div><\/div><p> <a href=\"https:\/\/www.djm.nl\/es\/djm-en-fachpack-2025\/#more-14325\" class=\"more-link\">Leer m\u00e1s<\/a><\/p>","protected":false},"excerpt":{"rendered":"<p>DJM presentar\u00e1 el innovador sistema de impresi\u00f3n inkjet Eureka en FACHPACK 2025 \u2013 la feria europea de envases, tecnolog\u00eda y procesos \u2013 y demostrar\u00e1 c\u00f3mo responde a las crecientes demandas de la industria del packaging. Se exhibir\u00e1n dos configuraciones de Eureka: una versi\u00f3n monocrom\u00e1tica para codificaci\u00f3n y marcado a alta velocidad, y una versi\u00f3n full [&hellip;]<\/p>\n","protected":false},"author":4,"featured_media":14309,"comment_status":"closed","ping_status":"open","sticky":false,"template":"","format":"standard","meta":{"footnotes":""},"categories":[21],"tags":[],"class_list":["post-14325","post","type-post","status-publish","format-standard","has-post-thumbnail","hentry","category-noticias"],"_links":{"self":[{"href":"https:\/\/www.djm.nl\/es\/wp-json\/wp\/v2\/posts\/14325","targetHints":{"allow":["GET"]}}],"collection":[{"href":"https:\/\/www.djm.nl\/es\/wp-json\/wp\/v2\/posts"}],"about":[{"href":"https:\/\/www.djm.nl\/es\/wp-json\/wp\/v2\/types\/post"}],"author":[{"embeddable":true,"href":"https:\/\/www.djm.nl\/es\/wp-json\/wp\/v2\/users\/4"}],"replies":[{"embeddable":true,"href":"https:\/\/www.djm.nl\/es\/wp-json\/wp\/v2\/comments?post=14325"}],"version-history":[{"count":10,"href":"https:\/\/www.djm.nl\/es\/wp-json\/wp\/v2\/posts\/14325\/revisions"}],"predecessor-version":[{"id":14342,"href":"https:\/\/www.djm.nl\/es\/wp-json\/wp\/v2\/posts\/14325\/revisions\/14342"}],"wp:featuredmedia":[{"embeddable":true,"href":"https:\/\/www.djm.nl\/es\/wp-json\/wp\/v2\/media\/14309"}],"wp:attachment":[{"href":"https:\/\/www.djm.nl\/es\/wp-json\/wp\/v2\/media?parent=14325"}],"wp:term":[{"taxonomy":"category","embeddable":true,"href":"https:\/\/www.djm.nl\/es\/wp-json\/wp\/v2\/categories?post=14325"},{"taxonomy":"post_tag","embeddable":true,"href":"https:\/\/www.djm.nl\/es\/wp-json\/wp\/v2\/tags?post=14325"}],"curies":[{"name":"wp","href":"https:\/\/api.w.org\/{rel}","templated":true}]}}